{"id":99,"date":"2025-08-16T12:35:00","date_gmt":"2025-08-16T12:35:00","guid":{"rendered":"https:\/\/wp5205.gendalf.teamon.site\/?p=99"},"modified":"2026-04-28T13:04:06","modified_gmt":"2026-04-28T13:04:06","slug":"comment-reduire-sa-facture-delectricite-efficacement","status":"publish","type":"post","link":"https:\/\/wp5205.gendalf.teamon.site\/index.php\/2025\/08\/16\/comment-reduire-sa-facture-delectricite-efficacement\/","title":{"rendered":"Comment r\u00e9duire sa facture d\u2019\u00e9lectricit\u00e9 efficacement ?"},"content":{"rendered":"\t\t<div data-elementor-type=\"wp-post\" data-elementor-id=\"99\" class=\"elementor elementor-99\" data-elementor-post-type=\"post\">\n\t\t\t\t\t\t\t\t\t<section class=\"elementor-section elementor-top-section elementor-element elementor-element-a6920a9 elementor-section-boxed elementor-section-height-default elementor-section-height-default\" data-id=\"a6920a9\" data-element_type=\"section\">\n\t\t\t\t\t\t<div class=\"elementor-container elementor-column-gap-default\">\n\t\t\t\t\t<div class=\"elementor-column elementor-col-100 elementor-top-column elementor-element elementor-element-66b0543\" data-id=\"66b0543\" data-element_type=\"column\">\n\t\t\t<div class=\"elementor-widget-wrap elementor-element-populated\">\n\t\t\t\t\t\t\t\t<div class=\"elementor-element elementor-element-9db814c elementor-widget elementor-widget-text-editor\" data-id=\"9db814c\" data-element_type=\"widget\" data-widget_type=\"text-editor.default\">\n\t\t\t\t<div class=\"elementor-widget-container\">\n\t\t\t<style>\/*! elementor - v3.15.0 - 31-07-2023 *\/\n.elementor-widget-text-editor.elementor-drop-cap-view-stacked .elementor-drop-cap{background-color:#69727d;color:#fff}.elementor-widget-text-editor.elementor-drop-cap-view-framed .elementor-drop-cap{color:#69727d;border:3px solid;background-color:transparent}.elementor-widget-text-editor:not(.elementor-drop-cap-view-default) .elementor-drop-cap{margin-top:8px}.elementor-widget-text-editor:not(.elementor-drop-cap-view-default) .elementor-drop-cap-letter{width:1em;height:1em}.elementor-widget-text-editor .elementor-drop-cap{float:left;text-align:center;line-height:1;font-size:50px}.elementor-widget-text-editor .elementor-drop-cap-letter{display:inline-block}<\/style>\t\t\t\t<p data-start=\"59\" data-end=\"329\">R\u00e9duire sa facture d\u2019\u00e9lectricit\u00e9 est une priorit\u00e9 pour de nombreux foyers, surtout avec la hausse constante des prix de l\u2019\u00e9nergie. Heureusement, il existe plusieurs solutions simples et efficaces pour diminuer sa consommation tout en maintenant un bon niveau de confort.<\/p><hr data-start=\"331\" data-end=\"334\" \/><h2 data-section-id=\"13o4lxp\" data-start=\"336\" data-end=\"380\">1. Optimiser sa consommation au quotidien<\/h2><p data-start=\"382\" data-end=\"533\">La premi\u00e8re \u00e9tape consiste \u00e0 adopter de meilleures habitudes de consommation. De petits gestes peuvent avoir un impact important sur la facture finale.<\/p><p data-start=\"535\" data-end=\"548\">Par exemple :<\/p><ul data-start=\"549\" data-end=\"770\"><li data-section-id=\"50w3wb\" data-start=\"549\" data-end=\"596\">\u00e9teindre les lumi\u00e8res en quittant une pi\u00e8ce<\/li><li data-section-id=\"ou0e2x\" data-start=\"597\" data-end=\"635\">d\u00e9brancher les appareils en veille<\/li><li data-section-id=\"1ijnzgs\" data-start=\"636\" data-end=\"708\">utiliser les appareils \u00e9lectrom\u00e9nagers en heures creuses si possible<\/li><li data-section-id=\"vuad9m\" data-start=\"709\" data-end=\"770\">privil\u00e9gier les programmes \u00e9co (lave-linge, lave-vaisselle)<\/li><\/ul><p data-start=\"772\" data-end=\"854\">Ces actions simples permettent de r\u00e9duire progressivement la consommation globale.<\/p><hr data-start=\"856\" data-end=\"859\" \/><h2 data-section-id=\"o1ucqu\" data-start=\"861\" data-end=\"914\">2. Am\u00e9liorer l\u2019efficacit\u00e9 \u00e9nerg\u00e9tique de la maison<\/h2><p data-start=\"916\" data-end=\"1009\">Une maison mal isol\u00e9e consomme beaucoup plus d\u2019\u00e9nergie pour le chauffage ou la climatisation.<\/p><p data-start=\"1011\" data-end=\"1057\">Pour r\u00e9duire les co\u00fbts, il est recommand\u00e9 de :<\/p><ul data-start=\"1058\" data-end=\"1181\"><li data-section-id=\"k2i7em\" data-start=\"1058\" data-end=\"1103\">am\u00e9liorer l\u2019isolation des murs et du toit<\/li><li data-section-id=\"1jjgcxg\" data-start=\"1104\" data-end=\"1147\">installer des fen\u00eatres \u00e0 double vitrage<\/li><li data-section-id=\"1n2qhf4\" data-start=\"1148\" data-end=\"1181\">limiter les pertes de chaleur<\/li><\/ul><p data-start=\"1183\" data-end=\"1271\">Une meilleure efficacit\u00e9 \u00e9nerg\u00e9tique permet de consommer moins sans changer son confort.<\/p><hr data-start=\"1273\" data-end=\"1276\" \/><h2 data-section-id=\"1lnpifh\" data-start=\"1278\" data-end=\"1326\">3. Utiliser des appareils \u00e9conomes en \u00e9nergie<\/h2><p data-start=\"1328\" data-end=\"1419\">Les anciens appareils \u00e9lectriques consomment souvent beaucoup plus que les mod\u00e8les r\u00e9cents.<\/p><p data-start=\"1421\" data-end=\"1442\">Il est conseill\u00e9 de :<\/p><ul data-start=\"1443\" data-end=\"1639\"><li data-section-id=\"xlcx0p\" data-start=\"1443\" data-end=\"1520\">choisir des appareils avec une bonne classe \u00e9nerg\u00e9tique (A ou sup\u00e9rieure)<\/li><li data-section-id=\"dux370\" data-start=\"1521\" data-end=\"1558\">remplacer les \u00e9quipements anciens<\/li><li data-section-id=\"ubutkw\" data-start=\"1559\" data-end=\"1639\">privil\u00e9gier les technologies \u00e9conomes en \u00e9nergie (LED, appareils intelligents)<\/li><\/ul><p data-start=\"1641\" data-end=\"1698\">Cela permet de r\u00e9duire la consommation sur le long terme.<\/p><hr data-start=\"1700\" data-end=\"1703\" \/><h2 data-section-id=\"1q7c1dk\" data-start=\"1705\" data-end=\"1737\">4. Passer \u00e0 l\u2019\u00e9nergie solaire<\/h2><p data-start=\"1739\" data-end=\"1856\">L\u2019installation de panneaux solaires est l\u2019une des solutions les plus efficaces pour r\u00e9duire sa facture d\u2019\u00e9lectricit\u00e9.<\/p><p data-start=\"1858\" data-end=\"1874\">Elle permet de :<\/p><ul data-start=\"1875\" data-end=\"1994\"><li data-section-id=\"1krf9jd\" data-start=\"1875\" data-end=\"1905\">produire sa propre \u00e9nergie<\/li><li data-section-id=\"qbf7u\" data-start=\"1906\" data-end=\"1952\">r\u00e9duire la d\u00e9pendance au r\u00e9seau \u00e9lectrique<\/li><li data-section-id=\"m21xlx\" data-start=\"1953\" data-end=\"1994\">diminuer fortement les co\u00fbts mensuels<\/li><\/ul><p data-start=\"1996\" data-end=\"2123\">Dans de nombreux cas, les \u00e9conomies peuvent atteindre entre 30 % et 70 %, selon la taille de l\u2019installation et la consommation.<\/p><hr data-start=\"2125\" data-end=\"2128\" \/><h2 data-section-id=\"t9f0od\" data-start=\"2130\" data-end=\"2170\">5. Utiliser des solutions de stockage<\/h2><p data-start=\"2172\" data-end=\"2281\">Les batteries solaires permettent de stocker l\u2019\u00e9nergie produite pendant la journ\u00e9e pour l\u2019utiliser plus tard.<\/p><p data-start=\"2283\" data-end=\"2296\">Cela permet :<\/p><ul data-start=\"2297\" data-end=\"2423\"><li data-section-id=\"1rgxs4g\" data-start=\"2297\" data-end=\"2331\">de consommer l\u2019\u00e9nergie le soir<\/li><li data-section-id=\"11kl8jr\" data-start=\"2332\" data-end=\"2383\">de r\u00e9duire encore plus les achats d\u2019\u00e9lectricit\u00e9<\/li><li data-section-id=\"jz6axn\" data-start=\"2384\" data-end=\"2423\">d\u2019augmenter l\u2019autonomie \u00e9nerg\u00e9tique<\/li><\/ul><hr data-start=\"2425\" data-end=\"2428\" \/><h2 data-section-id=\"464cet\" data-start=\"2430\" data-end=\"2462\">6. Surveiller sa consommation<\/h2><p data-start=\"2464\" data-end=\"2584\">Suivre sa consommation en temps r\u00e9el permet de mieux comprendre ses habitudes et d\u2019identifier les sources de gaspillage.<\/p><p data-start=\"2586\" data-end=\"2650\">Certaines applications ou compteurs intelligents permettent de :<\/p><ul data-start=\"2651\" data-end=\"2770\"><li data-section-id=\"182hqg\" data-start=\"2651\" data-end=\"2692\">analyser la consommation par appareil<\/li><li data-section-id=\"1lpmw7m\" data-start=\"2693\" data-end=\"2729\">rep\u00e9rer les pics de consommation<\/li><li data-section-id=\"1tuqumg\" data-start=\"2730\" data-end=\"2770\">ajuster ses habitudes en cons\u00e9quence<\/li><\/ul><hr data-start=\"2772\" data-end=\"2775\" \/><h2 data-section-id=\"8dtpi\" data-start=\"2777\" data-end=\"2790\">Conclusion<\/h2><p data-start=\"2792\" data-end=\"3138\" data-is-last-node=\"\" data-is-only-node=\"\">R\u00e9duire sa facture d\u2019\u00e9lectricit\u00e9 efficacement repose sur une combinaison de bonnes habitudes, d\u2019\u00e9quipements performants et de solutions \u00e9nerg\u00e9tiques modernes comme le solaire. En adoptant ces diff\u00e9rentes strat\u00e9gies, il est possible de r\u00e9aliser des \u00e9conomies importantes tout en am\u00e9liorant son efficacit\u00e9 \u00e9nerg\u00e9tique et son impact environnemental.<\/p>\t\t\t\t\t\t<\/div>\n\t\t\t\t<\/div>\n\t\t\t\t\t<\/div>\n\t\t<\/div>\n\t\t\t\t\t\t\t<\/div>\n\t\t<\/section>\n\t\t\t\t\t\t\t<\/div>\n\t\t","protected":false},"excerpt":{"rendered":"<p>R\u00e9duire sa facture d\u2019\u00e9lectricit\u00e9 est une priorit\u00e9 pour de nombreux foyers, surtout avec la hausse constante des prix de l\u2019\u00e9nergie. Heureusement, il existe plusieurs solutions&#8230;<\/p>\n","protected":false},"author":1,"featured_media":85,"comment_status":"open","ping_status":"open","sticky":false,"template":"","format":"standard","meta":{"_kad_post_transparent":"","_kad_post_title":"","_kad_post_layout":"","_kad_post_sidebar_id":"","_kad_post_content_style":"","_kad_post_vertical_padding":"","_kad_post_feature":"","_kad_post_feature_position":"","_kad_post_header":false,"_kad_post_footer":false,"_kad_post_classname":"","footnotes":""},"categories":[1],"tags":[],"class_list":["post-99","post","type-post","status-publish","format-standard","has-post-thumbnail","hentry","category-uncategorized"],"yoast_head":"<!-- This site is optimized with the Yoast SEO plugin v27.5 - https:\/\/yoast.com\/product\/yoast-seo-wordpress\/ -->\n<title>Comment r\u00e9duire sa facture d\u2019\u00e9lectricit\u00e9 efficacement ? - Lumi\u00e8re Solaire | Solutions d\u2019\u00e9nergie solaire propres et durables<\/title>\n<meta name=\"robots\" content=\"index, follow, max-snippet:-1, max-image-preview:large, max-video-preview:-1\" \/>\n<link rel=\"canonical\" href=\"https:\/\/wp5205.gendalf.teamon.site\/index.php\/2025\/08\/16\/comment-reduire-sa-facture-delectricite-efficacement\/\" \/>\n<meta property=\"og:locale\" content=\"fr_FR\" \/>\n<meta property=\"og:type\" content=\"article\" \/>\n<meta property=\"og:title\" content=\"Comment r\u00e9duire sa facture d\u2019\u00e9lectricit\u00e9 efficacement ? - Lumi\u00e8re Solaire | Solutions d\u2019\u00e9nergie solaire propres et durables\" \/>\n<meta property=\"og:description\" content=\"R\u00e9duire sa facture d\u2019\u00e9lectricit\u00e9 est une priorit\u00e9 pour de nombreux foyers, surtout avec la hausse constante des prix de l\u2019\u00e9nergie. Heureusement, il existe plusieurs solutions...\" \/>\n<meta property=\"og:url\" content=\"https:\/\/wp5205.gendalf.teamon.site\/index.php\/2025\/08\/16\/comment-reduire-sa-facture-delectricite-efficacement\/\" \/>\n<meta property=\"og:site_name\" content=\"Lumi\u00e8re Solaire | Solutions d\u2019\u00e9nergie solaire propres et durables\" \/>\n<meta property=\"article:published_time\" content=\"2025-08-16T12:35:00+00:00\" \/>\n<meta property=\"article:modified_time\" content=\"2026-04-28T13:04:06+00:00\" \/>\n<meta property=\"og:image\" content=\"https:\/\/wp5205.gendalf.teamon.site\/wp-content\/uploads\/2026\/04\/solar-panels-roof-concept-using-photovoltaics-rural-areas-countryside-sustainable-future-modern-house-with-alternative-source-electrical-energy-scaled.jpg\" \/>\n\t<meta property=\"og:image:width\" content=\"2560\" \/>\n\t<meta property=\"og:image:height\" content=\"1708\" \/>\n\t<meta property=\"og:image:type\" content=\"image\/jpeg\" \/>\n<meta name=\"author\" content=\"admin\" \/>\n<meta name=\"twitter:card\" content=\"summary_large_image\" \/>\n<meta name=\"twitter:label1\" content=\"Written by\" \/>\n\t<meta name=\"twitter:data1\" content=\"admin\" \/>\n\t<meta name=\"twitter:label2\" content=\"Est. reading time\" \/>\n\t<meta name=\"twitter:data2\" content=\"3 minutes\" \/>\n<script type=\"application\/ld+json\" class=\"yoast-schema-graph\">{\"@context\":\"https:\\\/\\\/schema.org\",\"@graph\":[{\"@type\":\"Article\",\"@id\":\"https:\\\/\\\/wp5205.gendalf.teamon.site\\\/index.php\\\/2025\\\/08\\\/16\\\/comment-reduire-sa-facture-delectricite-efficacement\\\/#article\",\"isPartOf\":{\"@id\":\"https:\\\/\\\/wp5205.gendalf.teamon.site\\\/index.php\\\/2025\\\/08\\\/16\\\/comment-reduire-sa-facture-delectricite-efficacement\\\/\"},\"author\":{\"name\":\"admin\",\"@id\":\"https:\\\/\\\/wp5205.gendalf.teamon.site\\\/#\\\/schema\\\/person\\\/262c7fffd8875eaf2cd564b1f4e97ed3\"},\"headline\":\"Comment r\u00e9duire sa facture d\u2019\u00e9lectricit\u00e9 efficacement ?\",\"datePublished\":\"2025-08-16T12:35:00+00:00\",\"dateModified\":\"2026-04-28T13:04:06+00:00\",\"mainEntityOfPage\":{\"@id\":\"https:\\\/\\\/wp5205.gendalf.teamon.site\\\/index.php\\\/2025\\\/08\\\/16\\\/comment-reduire-sa-facture-delectricite-efficacement\\\/\"},\"wordCount\":467,\"commentCount\":0,\"publisher\":{\"@id\":\"https:\\\/\\\/wp5205.gendalf.teamon.site\\\/#organization\"},\"image\":{\"@id\":\"https:\\\/\\\/wp5205.gendalf.teamon.site\\\/index.php\\\/2025\\\/08\\\/16\\\/comment-reduire-sa-facture-delectricite-efficacement\\\/#primaryimage\"},\"thumbnailUrl\":\"https:\\\/\\\/wp5205.gendalf.teamon.site\\\/wp-content\\\/uploads\\\/2026\\\/04\\\/solar-panels-roof-concept-using-photovoltaics-rural-areas-countryside-sustainable-future-modern-house-with-alternative-source-electrical-energy-scaled.jpg\",\"articleSection\":[\"Uncategorized\"],\"inLanguage\":\"fr-FR\",\"potentialAction\":[{\"@type\":\"CommentAction\",\"name\":\"Comment\",\"target\":[\"https:\\\/\\\/wp5205.gendalf.teamon.site\\\/index.php\\\/2025\\\/08\\\/16\\\/comment-reduire-sa-facture-delectricite-efficacement\\\/#respond\"]}]},{\"@type\":\"WebPage\",\"@id\":\"https:\\\/\\\/wp5205.gendalf.teamon.site\\\/index.php\\\/2025\\\/08\\\/16\\\/comment-reduire-sa-facture-delectricite-efficacement\\\/\",\"url\":\"https:\\\/\\\/wp5205.gendalf.teamon.site\\\/index.php\\\/2025\\\/08\\\/16\\\/comment-reduire-sa-facture-delectricite-efficacement\\\/\",\"name\":\"Comment r\u00e9duire sa facture d\u2019\u00e9lectricit\u00e9 efficacement ? - Lumi\u00e8re Solaire | Solutions d\u2019\u00e9nergie solaire propres et durables\",\"isPartOf\":{\"@id\":\"https:\\\/\\\/wp5205.gendalf.teamon.site\\\/#website\"},\"primaryImageOfPage\":{\"@id\":\"https:\\\/\\\/wp5205.gendalf.teamon.site\\\/index.php\\\/2025\\\/08\\\/16\\\/comment-reduire-sa-facture-delectricite-efficacement\\\/#primaryimage\"},\"image\":{\"@id\":\"https:\\\/\\\/wp5205.gendalf.teamon.site\\\/index.php\\\/2025\\\/08\\\/16\\\/comment-reduire-sa-facture-delectricite-efficacement\\\/#primaryimage\"},\"thumbnailUrl\":\"https:\\\/\\\/wp5205.gendalf.teamon.site\\\/wp-content\\\/uploads\\\/2026\\\/04\\\/solar-panels-roof-concept-using-photovoltaics-rural-areas-countryside-sustainable-future-modern-house-with-alternative-source-electrical-energy-scaled.jpg\",\"datePublished\":\"2025-08-16T12:35:00+00:00\",\"dateModified\":\"2026-04-28T13:04:06+00:00\",\"breadcrumb\":{\"@id\":\"https:\\\/\\\/wp5205.gendalf.teamon.site\\\/index.php\\\/2025\\\/08\\\/16\\\/comment-reduire-sa-facture-delectricite-efficacement\\\/#breadcrumb\"},\"inLanguage\":\"fr-FR\",\"potentialAction\":[{\"@type\":\"ReadAction\",\"target\":[\"https:\\\/\\\/wp5205.gendalf.teamon.site\\\/index.php\\\/2025\\\/08\\\/16\\\/comment-reduire-sa-facture-delectricite-efficacement\\\/\"]}]},{\"@type\":\"ImageObject\",\"inLanguage\":\"fr-FR\",\"@id\":\"https:\\\/\\\/wp5205.gendalf.teamon.site\\\/index.php\\\/2025\\\/08\\\/16\\\/comment-reduire-sa-facture-delectricite-efficacement\\\/#primaryimage\",\"url\":\"https:\\\/\\\/wp5205.gendalf.teamon.site\\\/wp-content\\\/uploads\\\/2026\\\/04\\\/solar-panels-roof-concept-using-photovoltaics-rural-areas-countryside-sustainable-future-modern-house-with-alternative-source-electrical-energy-scaled.jpg\",\"contentUrl\":\"https:\\\/\\\/wp5205.gendalf.teamon.site\\\/wp-content\\\/uploads\\\/2026\\\/04\\\/solar-panels-roof-concept-using-photovoltaics-rural-areas-countryside-sustainable-future-modern-house-with-alternative-source-electrical-energy-scaled.jpg\",\"width\":2560,\"height\":1708},{\"@type\":\"BreadcrumbList\",\"@id\":\"https:\\\/\\\/wp5205.gendalf.teamon.site\\\/index.php\\\/2025\\\/08\\\/16\\\/comment-reduire-sa-facture-delectricite-efficacement\\\/#breadcrumb\",\"itemListElement\":[{\"@type\":\"ListItem\",\"position\":1,\"name\":\"Home\",\"item\":\"https:\\\/\\\/wp5205.gendalf.teamon.site\\\/\"},{\"@type\":\"ListItem\",\"position\":2,\"name\":\"Comment r\u00e9duire sa facture d\u2019\u00e9lectricit\u00e9 efficacement ?\"}]},{\"@type\":\"WebSite\",\"@id\":\"https:\\\/\\\/wp5205.gendalf.teamon.site\\\/#website\",\"url\":\"https:\\\/\\\/wp5205.gendalf.teamon.site\\\/\",\"name\":\"Lumi\u00e8re Solaire | Solutions d\u2019\u00e9nergie solaire propres et durables\",\"description\":\"\",\"publisher\":{\"@id\":\"https:\\\/\\\/wp5205.gendalf.teamon.site\\\/#organization\"},\"potentialAction\":[{\"@type\":\"SearchAction\",\"target\":{\"@type\":\"EntryPoint\",\"urlTemplate\":\"https:\\\/\\\/wp5205.gendalf.teamon.site\\\/?s={search_term_string}\"},\"query-input\":{\"@type\":\"PropertyValueSpecification\",\"valueRequired\":true,\"valueName\":\"search_term_string\"}}],\"inLanguage\":\"fr-FR\"},{\"@type\":\"Organization\",\"@id\":\"https:\\\/\\\/wp5205.gendalf.teamon.site\\\/#organization\",\"name\":\"Lumi\u00e8re Solaire | Solutions d\u2019\u00e9nergie solaire propres et durables\",\"url\":\"https:\\\/\\\/wp5205.gendalf.teamon.site\\\/\",\"logo\":{\"@type\":\"ImageObject\",\"inLanguage\":\"fr-FR\",\"@id\":\"https:\\\/\\\/wp5205.gendalf.teamon.site\\\/#\\\/schema\\\/logo\\\/image\\\/\",\"url\":\"https:\\\/\\\/wp5205.gendalf.teamon.site\\\/wp-content\\\/uploads\\\/2026\\\/04\\\/cropped-svgexport-23.png\",\"contentUrl\":\"https:\\\/\\\/wp5205.gendalf.teamon.site\\\/wp-content\\\/uploads\\\/2026\\\/04\\\/cropped-svgexport-23.png\",\"width\":1493,\"height\":200,\"caption\":\"Lumi\u00e8re Solaire | Solutions d\u2019\u00e9nergie solaire propres et durables\"},\"image\":{\"@id\":\"https:\\\/\\\/wp5205.gendalf.teamon.site\\\/#\\\/schema\\\/logo\\\/image\\\/\"}},{\"@type\":\"Person\",\"@id\":\"https:\\\/\\\/wp5205.gendalf.teamon.site\\\/#\\\/schema\\\/person\\\/262c7fffd8875eaf2cd564b1f4e97ed3\",\"name\":\"admin\",\"image\":{\"@type\":\"ImageObject\",\"inLanguage\":\"fr-FR\",\"@id\":\"https:\\\/\\\/secure.gravatar.com\\\/avatar\\\/7dcb0cd247aa94896e665c337696a7be18d387a78d6d55b4854b7ff7d5925042?s=96&d=mm&r=g\",\"url\":\"https:\\\/\\\/secure.gravatar.com\\\/avatar\\\/7dcb0cd247aa94896e665c337696a7be18d387a78d6d55b4854b7ff7d5925042?s=96&d=mm&r=g\",\"contentUrl\":\"https:\\\/\\\/secure.gravatar.com\\\/avatar\\\/7dcb0cd247aa94896e665c337696a7be18d387a78d6d55b4854b7ff7d5925042?s=96&d=mm&r=g\",\"caption\":\"admin\"},\"sameAs\":[\"http:\\\/\\\/wp5205.gendalf.teamon.site\"],\"url\":\"https:\\\/\\\/wp5205.gendalf.teamon.site\\\/index.php\\\/author\\\/admin\\\/\"}]}<\/script>\n<!-- \/ Yoast SEO plugin. -->","yoast_head_json":{"title":"Comment r\u00e9duire sa facture d\u2019\u00e9lectricit\u00e9 efficacement ? - Lumi\u00e8re Solaire | Solutions d\u2019\u00e9nergie solaire propres et durables","robots":{"index":"index","follow":"follow","max-snippet":"max-snippet:-1","max-image-preview":"max-image-preview:large","max-video-preview":"max-video-preview:-1"},"canonical":"https:\/\/wp5205.gendalf.teamon.site\/index.php\/2025\/08\/16\/comment-reduire-sa-facture-delectricite-efficacement\/","og_locale":"fr_FR","og_type":"article","og_title":"Comment r\u00e9duire sa facture d\u2019\u00e9lectricit\u00e9 efficacement ? - Lumi\u00e8re Solaire | Solutions d\u2019\u00e9nergie solaire propres et durables","og_description":"R\u00e9duire sa facture d\u2019\u00e9lectricit\u00e9 est une priorit\u00e9 pour de nombreux foyers, surtout avec la hausse constante des prix de l\u2019\u00e9nergie. Heureusement, il existe plusieurs solutions...","og_url":"https:\/\/wp5205.gendalf.teamon.site\/index.php\/2025\/08\/16\/comment-reduire-sa-facture-delectricite-efficacement\/","og_site_name":"Lumi\u00e8re Solaire | Solutions d\u2019\u00e9nergie solaire propres et durables","article_published_time":"2025-08-16T12:35:00+00:00","article_modified_time":"2026-04-28T13:04:06+00:00","og_image":[{"width":2560,"height":1708,"url":"https:\/\/wp5205.gendalf.teamon.site\/wp-content\/uploads\/2026\/04\/solar-panels-roof-concept-using-photovoltaics-rural-areas-countryside-sustainable-future-modern-house-with-alternative-source-electrical-energy-scaled.jpg","type":"image\/jpeg"}],"author":"admin","twitter_card":"summary_large_image","twitter_misc":{"Written by":"admin","Est. reading time":"3 minutes"},"schema":{"@context":"https:\/\/schema.org","@graph":[{"@type":"Article","@id":"https:\/\/wp5205.gendalf.teamon.site\/index.php\/2025\/08\/16\/comment-reduire-sa-facture-delectricite-efficacement\/#article","isPartOf":{"@id":"https:\/\/wp5205.gendalf.teamon.site\/index.php\/2025\/08\/16\/comment-reduire-sa-facture-delectricite-efficacement\/"},"author":{"name":"admin","@id":"https:\/\/wp5205.gendalf.teamon.site\/#\/schema\/person\/262c7fffd8875eaf2cd564b1f4e97ed3"},"headline":"Comment r\u00e9duire sa facture d\u2019\u00e9lectricit\u00e9 efficacement ?","datePublished":"2025-08-16T12:35:00+00:00","dateModified":"2026-04-28T13:04:06+00:00","mainEntityOfPage":{"@id":"https:\/\/wp5205.gendalf.teamon.site\/index.php\/2025\/08\/16\/comment-reduire-sa-facture-delectricite-efficacement\/"},"wordCount":467,"commentCount":0,"publisher":{"@id":"https:\/\/wp5205.gendalf.teamon.site\/#organization"},"image":{"@id":"https:\/\/wp5205.gendalf.teamon.site\/index.php\/2025\/08\/16\/comment-reduire-sa-facture-delectricite-efficacement\/#primaryimage"},"thumbnailUrl":"https:\/\/wp5205.gendalf.teamon.site\/wp-content\/uploads\/2026\/04\/solar-panels-roof-concept-using-photovoltaics-rural-areas-countryside-sustainable-future-modern-house-with-alternative-source-electrical-energy-scaled.jpg","articleSection":["Uncategorized"],"inLanguage":"fr-FR","potentialAction":[{"@type":"CommentAction","name":"Comment","target":["https:\/\/wp5205.gendalf.teamon.site\/index.php\/2025\/08\/16\/comment-reduire-sa-facture-delectricite-efficacement\/#respond"]}]},{"@type":"WebPage","@id":"https:\/\/wp5205.gendalf.teamon.site\/index.php\/2025\/08\/16\/comment-reduire-sa-facture-delectricite-efficacement\/","url":"https:\/\/wp5205.gendalf.teamon.site\/index.php\/2025\/08\/16\/comment-reduire-sa-facture-delectricite-efficacement\/","name":"Comment r\u00e9duire sa facture d\u2019\u00e9lectricit\u00e9 efficacement ? - Lumi\u00e8re Solaire | Solutions d\u2019\u00e9nergie solaire propres et durables","isPartOf":{"@id":"https:\/\/wp5205.gendalf.teamon.site\/#website"},"primaryImageOfPage":{"@id":"https:\/\/wp5205.gendalf.teamon.site\/index.php\/2025\/08\/16\/comment-reduire-sa-facture-delectricite-efficacement\/#primaryimage"},"image":{"@id":"https:\/\/wp5205.gendalf.teamon.site\/index.php\/2025\/08\/16\/comment-reduire-sa-facture-delectricite-efficacement\/#primaryimage"},"thumbnailUrl":"https:\/\/wp5205.gendalf.teamon.site\/wp-content\/uploads\/2026\/04\/solar-panels-roof-concept-using-photovoltaics-rural-areas-countryside-sustainable-future-modern-house-with-alternative-source-electrical-energy-scaled.jpg","datePublished":"2025-08-16T12:35:00+00:00","dateModified":"2026-04-28T13:04:06+00:00","breadcrumb":{"@id":"https:\/\/wp5205.gendalf.teamon.site\/index.php\/2025\/08\/16\/comment-reduire-sa-facture-delectricite-efficacement\/#breadcrumb"},"inLanguage":"fr-FR","potentialAction":[{"@type":"ReadAction","target":["https:\/\/wp5205.gendalf.teamon.site\/index.php\/2025\/08\/16\/comment-reduire-sa-facture-delectricite-efficacement\/"]}]},{"@type":"ImageObject","inLanguage":"fr-FR","@id":"https:\/\/wp5205.gendalf.teamon.site\/index.php\/2025\/08\/16\/comment-reduire-sa-facture-delectricite-efficacement\/#primaryimage","url":"https:\/\/wp5205.gendalf.teamon.site\/wp-content\/uploads\/2026\/04\/solar-panels-roof-concept-using-photovoltaics-rural-areas-countryside-sustainable-future-modern-house-with-alternative-source-electrical-energy-scaled.jpg","contentUrl":"https:\/\/wp5205.gendalf.teamon.site\/wp-content\/uploads\/2026\/04\/solar-panels-roof-concept-using-photovoltaics-rural-areas-countryside-sustainable-future-modern-house-with-alternative-source-electrical-energy-scaled.jpg","width":2560,"height":1708},{"@type":"BreadcrumbList","@id":"https:\/\/wp5205.gendalf.teamon.site\/index.php\/2025\/08\/16\/comment-reduire-sa-facture-delectricite-efficacement\/#breadcrumb","itemListElement":[{"@type":"ListItem","position":1,"name":"Home","item":"https:\/\/wp5205.gendalf.teamon.site\/"},{"@type":"ListItem","position":2,"name":"Comment r\u00e9duire sa facture d\u2019\u00e9lectricit\u00e9 efficacement ?"}]},{"@type":"WebSite","@id":"https:\/\/wp5205.gendalf.teamon.site\/#website","url":"https:\/\/wp5205.gendalf.teamon.site\/","name":"Lumi\u00e8re Solaire | Solutions d\u2019\u00e9nergie solaire propres et durables","description":"","publisher":{"@id":"https:\/\/wp5205.gendalf.teamon.site\/#organization"},"potentialAction":[{"@type":"SearchAction","target":{"@type":"EntryPoint","urlTemplate":"https:\/\/wp5205.gendalf.teamon.site\/?s={search_term_string}"},"query-input":{"@type":"PropertyValueSpecification","valueRequired":true,"valueName":"search_term_string"}}],"inLanguage":"fr-FR"},{"@type":"Organization","@id":"https:\/\/wp5205.gendalf.teamon.site\/#organization","name":"Lumi\u00e8re Solaire | Solutions d\u2019\u00e9nergie solaire propres et durables","url":"https:\/\/wp5205.gendalf.teamon.site\/","logo":{"@type":"ImageObject","inLanguage":"fr-FR","@id":"https:\/\/wp5205.gendalf.teamon.site\/#\/schema\/logo\/image\/","url":"https:\/\/wp5205.gendalf.teamon.site\/wp-content\/uploads\/2026\/04\/cropped-svgexport-23.png","contentUrl":"https:\/\/wp5205.gendalf.teamon.site\/wp-content\/uploads\/2026\/04\/cropped-svgexport-23.png","width":1493,"height":200,"caption":"Lumi\u00e8re Solaire | Solutions d\u2019\u00e9nergie solaire propres et durables"},"image":{"@id":"https:\/\/wp5205.gendalf.teamon.site\/#\/schema\/logo\/image\/"}},{"@type":"Person","@id":"https:\/\/wp5205.gendalf.teamon.site\/#\/schema\/person\/262c7fffd8875eaf2cd564b1f4e97ed3","name":"admin","image":{"@type":"ImageObject","inLanguage":"fr-FR","@id":"https:\/\/secure.gravatar.com\/avatar\/7dcb0cd247aa94896e665c337696a7be18d387a78d6d55b4854b7ff7d5925042?s=96&d=mm&r=g","url":"https:\/\/secure.gravatar.com\/avatar\/7dcb0cd247aa94896e665c337696a7be18d387a78d6d55b4854b7ff7d5925042?s=96&d=mm&r=g","contentUrl":"https:\/\/secure.gravatar.com\/avatar\/7dcb0cd247aa94896e665c337696a7be18d387a78d6d55b4854b7ff7d5925042?s=96&d=mm&r=g","caption":"admin"},"sameAs":["http:\/\/wp5205.gendalf.teamon.site"],"url":"https:\/\/wp5205.gendalf.teamon.site\/index.php\/author\/admin\/"}]}},"_links":{"self":[{"href":"https:\/\/wp5205.gendalf.teamon.site\/index.php\/wp-json\/wp\/v2\/posts\/99","targetHints":{"allow":["GET"]}}],"collection":[{"href":"https:\/\/wp5205.gendalf.teamon.site\/index.php\/wp-json\/wp\/v2\/posts"}],"about":[{"href":"https:\/\/wp5205.gendalf.teamon.site\/index.php\/wp-json\/wp\/v2\/types\/post"}],"author":[{"embeddable":true,"href":"https:\/\/wp5205.gendalf.teamon.site\/index.php\/wp-json\/wp\/v2\/users\/1"}],"replies":[{"embeddable":true,"href":"https:\/\/wp5205.gendalf.teamon.site\/index.php\/wp-json\/wp\/v2\/comments?post=99"}],"version-history":[{"count":4,"href":"https:\/\/wp5205.gendalf.teamon.site\/index.php\/wp-json\/wp\/v2\/posts\/99\/revisions"}],"predecessor-version":[{"id":119,"href":"https:\/\/wp5205.gendalf.teamon.site\/index.php\/wp-json\/wp\/v2\/posts\/99\/revisions\/119"}],"wp:featuredmedia":[{"embeddable":true,"href":"https:\/\/wp5205.gendalf.teamon.site\/index.php\/wp-json\/wp\/v2\/media\/85"}],"wp:attachment":[{"href":"https:\/\/wp5205.gendalf.teamon.site\/index.php\/wp-json\/wp\/v2\/media?parent=99"}],"wp:term":[{"taxonomy":"category","embeddable":true,"href":"https:\/\/wp5205.gendalf.teamon.site\/index.php\/wp-json\/wp\/v2\/categories?post=99"},{"taxonomy":"post_tag","embeddable":true,"href":"https:\/\/wp5205.gendalf.teamon.site\/index.php\/wp-json\/wp\/v2\/tags?post=99"}],"curies":[{"name":"wp","href":"https:\/\/api.w.org\/{rel}","templated":true}]}}