{"id":105,"date":"2026-03-12T12:41:00","date_gmt":"2026-03-12T12:41:00","guid":{"rendered":"https:\/\/wp5205.gendalf.teamon.site\/?p=105"},"modified":"2026-04-28T13:03:25","modified_gmt":"2026-04-28T13:03:25","slug":"energie-verte-pourquoi-faire-la-transition-aujourdhui","status":"publish","type":"post","link":"https:\/\/wp5205.gendalf.teamon.site\/index.php\/2026\/03\/12\/energie-verte-pourquoi-faire-la-transition-aujourdhui\/","title":{"rendered":"\u00c9nergie verte : pourquoi faire la transition aujourd\u2019hui ?"},"content":{"rendered":"\t\t<div data-elementor-type=\"wp-post\" data-elementor-id=\"105\" class=\"elementor elementor-105\" data-elementor-post-type=\"post\">\n\t\t\t\t\t\t\t\t\t<section class=\"elementor-section elementor-top-section elementor-element elementor-element-4d21c55 elementor-section-boxed elementor-section-height-default elementor-section-height-default\" data-id=\"4d21c55\" data-element_type=\"section\">\n\t\t\t\t\t\t<div class=\"elementor-container elementor-column-gap-default\">\n\t\t\t\t\t<div class=\"elementor-column elementor-col-100 elementor-top-column elementor-element elementor-element-46f2154\" data-id=\"46f2154\" data-element_type=\"column\">\n\t\t\t<div class=\"elementor-widget-wrap elementor-element-populated\">\n\t\t\t\t\t\t\t\t<div class=\"elementor-element elementor-element-2542415 elementor-widget elementor-widget-text-editor\" data-id=\"2542415\" data-element_type=\"widget\" data-widget_type=\"text-editor.default\">\n\t\t\t\t<div class=\"elementor-widget-container\">\n\t\t\t<style>\/*! elementor - v3.15.0 - 31-07-2023 *\/\n.elementor-widget-text-editor.elementor-drop-cap-view-stacked .elementor-drop-cap{background-color:#69727d;color:#fff}.elementor-widget-text-editor.elementor-drop-cap-view-framed .elementor-drop-cap{color:#69727d;border:3px solid;background-color:transparent}.elementor-widget-text-editor:not(.elementor-drop-cap-view-default) .elementor-drop-cap{margin-top:8px}.elementor-widget-text-editor:not(.elementor-drop-cap-view-default) .elementor-drop-cap-letter{width:1em;height:1em}.elementor-widget-text-editor .elementor-drop-cap{float:left;text-align:center;line-height:1;font-size:50px}.elementor-widget-text-editor .elementor-drop-cap-letter{display:inline-block}<\/style>\t\t\t\t<p data-start=\"62\" data-end=\"455\">La transition vers l\u2019\u00e9nergie verte n\u2019est plus une option r\u00e9serv\u00e9e \u00e0 l\u2019avenir, mais une r\u00e9alit\u00e9 actuelle qui concerne autant les particuliers que les entreprises. Face \u00e0 la hausse des prix de l\u2019\u00e9nergie, aux enjeux climatiques et aux avanc\u00e9es technologiques, de plus en plus de personnes choisissent de passer \u00e0 des solutions renouvelables comme le solaire, l\u2019\u00e9olien ou d\u2019autres sources propres.<\/p><p data-start=\"457\" data-end=\"562\">Voici les principales raisons pour lesquelles il est pertinent de faire cette transition d\u00e8s aujourd\u2019hui.<\/p><hr data-start=\"564\" data-end=\"567\" \/><h2 data-section-id=\"1rbw5fm\" data-start=\"569\" data-end=\"623\">1. R\u00e9duire imm\u00e9diatement son impact environnemental<\/h2><p data-start=\"625\" data-end=\"823\">L\u2019\u00e9nergie verte permet de produire de l\u2019\u00e9lectricit\u00e9 sans \u00e9missions directes de CO\u2082. Contrairement aux \u00e9nergies fossiles, elle n\u2019\u00e9puise pas les ressources naturelles et limite fortement la pollution.<\/p><p data-start=\"825\" data-end=\"883\">En adoptant ces solutions, vous contribuez directement \u00e0 :<\/p><ul data-start=\"884\" data-end=\"1019\"><li data-section-id=\"ryn9vc\" data-start=\"884\" data-end=\"925\">la r\u00e9duction des gaz \u00e0 effet de serre<\/li><li data-section-id=\"1z0e1mc\" data-start=\"926\" data-end=\"973\">la lutte contre le r\u00e9chauffement climatique<\/li><li data-section-id=\"40pyd2\" data-start=\"974\" data-end=\"1019\">la pr\u00e9servation des ressources naturelles<\/li><\/ul><hr data-start=\"1021\" data-end=\"1024\" \/><h2 data-section-id=\"19u48hk\" data-start=\"1026\" data-end=\"1069\">2. Faire des \u00e9conomies sur le long terme<\/h2><p data-start=\"1071\" data-end=\"1231\">M\u00eame si l\u2019installation initiale peut repr\u00e9senter un investissement, les \u00e9nergies renouvelables permettent de r\u00e9duire consid\u00e9rablement les d\u00e9penses \u00e9nerg\u00e9tiques.<\/p><p data-start=\"1233\" data-end=\"1269\">Les avantages \u00e9conomiques incluent :<\/p><ul data-start=\"1270\" data-end=\"1397\"><li data-section-id=\"16tlbea\" data-start=\"1270\" data-end=\"1307\">baisse des factures d\u2019\u00e9lectricit\u00e9<\/li><li data-section-id=\"rilr2e\" data-start=\"1308\" data-end=\"1353\">autonomie \u00e9nerg\u00e9tique partielle ou totale<\/li><li data-section-id=\"abeb29\" data-start=\"1354\" data-end=\"1397\">retour sur investissement \u00e0 moyen terme<\/li><\/ul><p data-start=\"1399\" data-end=\"1470\">\u00c0 long terme, l\u2019\u00e9nergie verte devient une source d\u2019\u00e9conomie importante.<\/p><hr data-start=\"1472\" data-end=\"1475\" \/><h2 data-section-id=\"1xv57kl\" data-start=\"1477\" data-end=\"1533\">3. Se prot\u00e9ger contre la hausse des prix de l\u2019\u00e9nergie<\/h2><p data-start=\"1535\" data-end=\"1617\">Les prix de l\u2019\u00e9lectricit\u00e9 et des \u00e9nergies fossiles sont de plus en plus instables.<\/p><p data-start=\"1619\" data-end=\"1655\">Passer \u00e0 l\u2019\u00e9nergie verte permet de :<\/p><ul data-start=\"1656\" data-end=\"1798\"><li data-section-id=\"ohs6e8\" data-start=\"1656\" data-end=\"1693\">stabiliser ses co\u00fbts \u00e9nerg\u00e9tiques<\/li><li data-section-id=\"1rsbtq4\" data-start=\"1694\" data-end=\"1750\">r\u00e9duire la d\u00e9pendance aux fournisseurs traditionnels<\/li><li data-section-id=\"ymk2g6\" data-start=\"1751\" data-end=\"1798\">anticiper les futures augmentations de prix<\/li><\/ul><hr data-start=\"1800\" data-end=\"1803\" \/><h2 data-section-id=\"1eue7v0\" data-start=\"1805\" data-end=\"1847\">4. Profiter des avanc\u00e9es technologiques<\/h2><p data-start=\"1849\" data-end=\"1940\">Les technologies li\u00e9es aux \u00e9nergies renouvelables ont beaucoup \u00e9volu\u00e9 ces derni\u00e8res ann\u00e9es.<\/p><p data-start=\"1942\" data-end=\"1970\">Aujourd\u2019hui, elles offrent :<\/p><ul data-start=\"1971\" data-end=\"2083\"><li data-section-id=\"1e6u87s\" data-start=\"1971\" data-end=\"2008\">un meilleur rendement \u00e9nerg\u00e9tique<\/li><li data-section-id=\"gaig16\" data-start=\"2009\" data-end=\"2042\">des \u00e9quipements plus durables<\/li><li data-section-id=\"ecsom4\" data-start=\"2043\" data-end=\"2083\">des syst\u00e8mes de gestion intelligents<\/li><\/ul><p data-start=\"2085\" data-end=\"2162\">Ces progr\u00e8s rendent la transition plus simple et plus rentable qu\u2019auparavant.<\/p><hr data-start=\"2164\" data-end=\"2167\" \/><h2 data-section-id=\"o5ntp8\" data-start=\"2169\" data-end=\"2210\">5. Augmenter la valeur de son logement<\/h2><p data-start=\"2212\" data-end=\"2313\">Une maison \u00e9quip\u00e9e de solutions \u00e9nerg\u00e9tiques vertes devient plus attractive sur le march\u00e9 immobilier.<\/p><p data-start=\"2315\" data-end=\"2328\">Cela permet :<\/p><ul data-start=\"2329\" data-end=\"2461\"><li data-section-id=\"anamzx\" data-start=\"2329\" data-end=\"2365\">d\u2019augmenter la valeur de revente<\/li><li data-section-id=\"qiayle\" data-start=\"2366\" data-end=\"2428\">de s\u00e9duire des acheteurs sensibles aux \u00e9conomies d\u2019\u00e9nergie<\/li><li data-section-id=\"5f8coy\" data-start=\"2429\" data-end=\"2461\">de moderniser son habitation<\/li><\/ul><hr data-start=\"2463\" data-end=\"2466\" \/><h2 data-section-id=\"avtcx1\" data-start=\"2468\" data-end=\"2521\">6. B\u00e9n\u00e9ficier des aides et incitations financi\u00e8res<\/h2><p data-start=\"2523\" data-end=\"2616\">Dans de nombreux pays, des aides sont disponibles pour encourager la transition \u00e9nerg\u00e9tique :<\/p><ul data-start=\"2618\" data-end=\"2681\"><li data-section-id=\"d6444e\" data-start=\"2618\" data-end=\"2633\">subventions<\/li><li data-section-id=\"yoznxv\" data-start=\"2634\" data-end=\"2653\">cr\u00e9dits d\u2019imp\u00f4t<\/li><li data-section-id=\"t3etbl\" data-start=\"2654\" data-end=\"2681\">primes \u00e0 l\u2019installation<\/li><\/ul><p data-start=\"2683\" data-end=\"2751\">Ces dispositifs r\u00e9duisent fortement le co\u00fbt initial des \u00e9quipements.<\/p><hr data-start=\"2753\" data-end=\"2756\" \/><h2 data-section-id=\"8cu0b4\" data-start=\"2758\" data-end=\"2799\">7. Participer \u00e0 une transition globale<\/h2><p data-start=\"2801\" data-end=\"2933\">La transition \u00e9nerg\u00e9tique est un mouvement mondial. Chaque installation contribue \u00e0 un effort collectif pour un avenir plus durable.<\/p><p data-start=\"2935\" data-end=\"2979\">Adopter l\u2019\u00e9nergie verte aujourd\u2019hui, c\u2019est :<\/p><ul data-start=\"2980\" data-end=\"3108\"><li data-section-id=\"tk8oe\" data-start=\"2980\" data-end=\"3017\">soutenir une \u00e9conomie plus propre<\/li><li data-section-id=\"cuyyp3\" data-start=\"3018\" data-end=\"3057\">encourager les innovations durables<\/li><li data-section-id=\"15ssebw\" data-start=\"3058\" data-end=\"3108\">agir concr\u00e8tement pour les g\u00e9n\u00e9rations futures<\/li><\/ul><hr data-start=\"3110\" data-end=\"3113\" \/><h2 data-section-id=\"8dtpi\" data-start=\"3115\" data-end=\"3128\">Conclusion<\/h2><p data-start=\"3130\" data-end=\"3382\">Faire la transition vers l\u2019\u00e9nergie verte aujourd\u2019hui est une d\u00e9cision \u00e0 la fois \u00e9conomique, \u00e9cologique et strat\u00e9gique. Elle permet de r\u00e9duire les co\u00fbts, d\u2019am\u00e9liorer l\u2019autonomie \u00e9nerg\u00e9tique et de participer activement \u00e0 la protection de l\u2019environnement.<\/p><p data-start=\"3384\" data-end=\"3477\" data-is-last-node=\"\" data-is-only-node=\"\">Plus cette transition est r\u00e9alis\u00e9e t\u00f4t, plus ses b\u00e9n\u00e9fices sont importants sur le long terme.<\/p>\t\t\t\t\t\t<\/div>\n\t\t\t\t<\/div>\n\t\t\t\t\t<\/div>\n\t\t<\/div>\n\t\t\t\t\t\t\t<\/div>\n\t\t<\/section>\n\t\t\t\t\t\t\t<\/div>\n\t\t","protected":false},"excerpt":{"rendered":"<p>La transition vers l\u2019\u00e9nergie verte n\u2019est plus une option r\u00e9serv\u00e9e \u00e0 l\u2019avenir, mais une r\u00e9alit\u00e9 actuelle qui concerne autant les particuliers que les entreprises. Face&#8230;<\/p>\n","protected":false},"author":1,"featured_media":92,"comment_status":"open","ping_status":"open","sticky":false,"template":"","format":"standard","meta":{"_kad_post_transparent":"","_kad_post_title":"","_kad_post_layout":"","_kad_post_sidebar_id":"","_kad_post_content_style":"","_kad_post_vertical_padding":"","_kad_post_feature":"","_kad_post_feature_position":"","_kad_post_header":false,"_kad_post_footer":false,"_kad_post_classname":"","footnotes":""},"categories":[1],"tags":[],"class_list":["post-105","post","type-post","status-publish","format-standard","has-post-thumbnail","hentry","category-uncategorized"],"yoast_head":"<!-- This site is optimized with the Yoast SEO plugin v27.5 - https:\/\/yoast.com\/product\/yoast-seo-wordpress\/ -->\n<title>\u00c9nergie verte : pourquoi faire la transition aujourd\u2019hui ? - Lumi\u00e8re Solaire | Solutions d\u2019\u00e9nergie solaire propres et durables<\/title>\n<meta name=\"robots\" content=\"index, follow, max-snippet:-1, max-image-preview:large, max-video-preview:-1\" \/>\n<link rel=\"canonical\" href=\"https:\/\/wp5205.gendalf.teamon.site\/index.php\/2026\/03\/12\/energie-verte-pourquoi-faire-la-transition-aujourdhui\/\" \/>\n<meta property=\"og:locale\" content=\"fr_FR\" \/>\n<meta property=\"og:type\" content=\"article\" \/>\n<meta property=\"og:title\" content=\"\u00c9nergie verte : pourquoi faire la transition aujourd\u2019hui ? - Lumi\u00e8re Solaire | Solutions d\u2019\u00e9nergie solaire propres et durables\" \/>\n<meta property=\"og:description\" content=\"La transition vers l\u2019\u00e9nergie verte n\u2019est plus une option r\u00e9serv\u00e9e \u00e0 l\u2019avenir, mais une r\u00e9alit\u00e9 actuelle qui concerne autant les particuliers que les entreprises. Face...\" \/>\n<meta property=\"og:url\" content=\"https:\/\/wp5205.gendalf.teamon.site\/index.php\/2026\/03\/12\/energie-verte-pourquoi-faire-la-transition-aujourdhui\/\" \/>\n<meta property=\"og:site_name\" content=\"Lumi\u00e8re Solaire | Solutions d\u2019\u00e9nergie solaire propres et durables\" \/>\n<meta property=\"article:published_time\" content=\"2026-03-12T12:41:00+00:00\" \/>\n<meta property=\"article:modified_time\" content=\"2026-04-28T13:03:25+00:00\" \/>\n<meta property=\"og:image\" content=\"https:\/\/wp5205.gendalf.teamon.site\/wp-content\/uploads\/2026\/04\/house-with-blue-roof-green-tree-front-it-scaled.jpg\" \/>\n\t<meta property=\"og:image:width\" content=\"2560\" \/>\n\t<meta property=\"og:image:height\" content=\"1097\" \/>\n\t<meta property=\"og:image:type\" content=\"image\/jpeg\" \/>\n<meta name=\"author\" content=\"admin\" \/>\n<meta name=\"twitter:card\" content=\"summary_large_image\" \/>\n<meta name=\"twitter:label1\" content=\"Written by\" \/>\n\t<meta name=\"twitter:data1\" content=\"admin\" \/>\n\t<meta name=\"twitter:label2\" content=\"Est. reading time\" \/>\n\t<meta name=\"twitter:data2\" content=\"3 minutes\" \/>\n<script type=\"application\/ld+json\" class=\"yoast-schema-graph\">{\"@context\":\"https:\\\/\\\/schema.org\",\"@graph\":[{\"@type\":\"Article\",\"@id\":\"https:\\\/\\\/wp5205.gendalf.teamon.site\\\/index.php\\\/2026\\\/03\\\/12\\\/energie-verte-pourquoi-faire-la-transition-aujourdhui\\\/#article\",\"isPartOf\":{\"@id\":\"https:\\\/\\\/wp5205.gendalf.teamon.site\\\/index.php\\\/2026\\\/03\\\/12\\\/energie-verte-pourquoi-faire-la-transition-aujourdhui\\\/\"},\"author\":{\"name\":\"admin\",\"@id\":\"https:\\\/\\\/wp5205.gendalf.teamon.site\\\/#\\\/schema\\\/person\\\/262c7fffd8875eaf2cd564b1f4e97ed3\"},\"headline\":\"\u00c9nergie verte : pourquoi faire la transition aujourd\u2019hui ?\",\"datePublished\":\"2026-03-12T12:41:00+00:00\",\"dateModified\":\"2026-04-28T13:03:25+00:00\",\"mainEntityOfPage\":{\"@id\":\"https:\\\/\\\/wp5205.gendalf.teamon.site\\\/index.php\\\/2026\\\/03\\\/12\\\/energie-verte-pourquoi-faire-la-transition-aujourdhui\\\/\"},\"wordCount\":525,\"commentCount\":0,\"publisher\":{\"@id\":\"https:\\\/\\\/wp5205.gendalf.teamon.site\\\/#organization\"},\"image\":{\"@id\":\"https:\\\/\\\/wp5205.gendalf.teamon.site\\\/index.php\\\/2026\\\/03\\\/12\\\/energie-verte-pourquoi-faire-la-transition-aujourdhui\\\/#primaryimage\"},\"thumbnailUrl\":\"https:\\\/\\\/wp5205.gendalf.teamon.site\\\/wp-content\\\/uploads\\\/2026\\\/04\\\/house-with-blue-roof-green-tree-front-it-scaled.jpg\",\"articleSection\":[\"Uncategorized\"],\"inLanguage\":\"fr-FR\",\"potentialAction\":[{\"@type\":\"CommentAction\",\"name\":\"Comment\",\"target\":[\"https:\\\/\\\/wp5205.gendalf.teamon.site\\\/index.php\\\/2026\\\/03\\\/12\\\/energie-verte-pourquoi-faire-la-transition-aujourdhui\\\/#respond\"]}]},{\"@type\":\"WebPage\",\"@id\":\"https:\\\/\\\/wp5205.gendalf.teamon.site\\\/index.php\\\/2026\\\/03\\\/12\\\/energie-verte-pourquoi-faire-la-transition-aujourdhui\\\/\",\"url\":\"https:\\\/\\\/wp5205.gendalf.teamon.site\\\/index.php\\\/2026\\\/03\\\/12\\\/energie-verte-pourquoi-faire-la-transition-aujourdhui\\\/\",\"name\":\"\u00c9nergie verte : pourquoi faire la transition aujourd\u2019hui ? - Lumi\u00e8re Solaire | Solutions d\u2019\u00e9nergie solaire propres et durables\",\"isPartOf\":{\"@id\":\"https:\\\/\\\/wp5205.gendalf.teamon.site\\\/#website\"},\"primaryImageOfPage\":{\"@id\":\"https:\\\/\\\/wp5205.gendalf.teamon.site\\\/index.php\\\/2026\\\/03\\\/12\\\/energie-verte-pourquoi-faire-la-transition-aujourdhui\\\/#primaryimage\"},\"image\":{\"@id\":\"https:\\\/\\\/wp5205.gendalf.teamon.site\\\/index.php\\\/2026\\\/03\\\/12\\\/energie-verte-pourquoi-faire-la-transition-aujourdhui\\\/#primaryimage\"},\"thumbnailUrl\":\"https:\\\/\\\/wp5205.gendalf.teamon.site\\\/wp-content\\\/uploads\\\/2026\\\/04\\\/house-with-blue-roof-green-tree-front-it-scaled.jpg\",\"datePublished\":\"2026-03-12T12:41:00+00:00\",\"dateModified\":\"2026-04-28T13:03:25+00:00\",\"breadcrumb\":{\"@id\":\"https:\\\/\\\/wp5205.gendalf.teamon.site\\\/index.php\\\/2026\\\/03\\\/12\\\/energie-verte-pourquoi-faire-la-transition-aujourdhui\\\/#breadcrumb\"},\"inLanguage\":\"fr-FR\",\"potentialAction\":[{\"@type\":\"ReadAction\",\"target\":[\"https:\\\/\\\/wp5205.gendalf.teamon.site\\\/index.php\\\/2026\\\/03\\\/12\\\/energie-verte-pourquoi-faire-la-transition-aujourdhui\\\/\"]}]},{\"@type\":\"ImageObject\",\"inLanguage\":\"fr-FR\",\"@id\":\"https:\\\/\\\/wp5205.gendalf.teamon.site\\\/index.php\\\/2026\\\/03\\\/12\\\/energie-verte-pourquoi-faire-la-transition-aujourdhui\\\/#primaryimage\",\"url\":\"https:\\\/\\\/wp5205.gendalf.teamon.site\\\/wp-content\\\/uploads\\\/2026\\\/04\\\/house-with-blue-roof-green-tree-front-it-scaled.jpg\",\"contentUrl\":\"https:\\\/\\\/wp5205.gendalf.teamon.site\\\/wp-content\\\/uploads\\\/2026\\\/04\\\/house-with-blue-roof-green-tree-front-it-scaled.jpg\",\"width\":2560,\"height\":1097},{\"@type\":\"BreadcrumbList\",\"@id\":\"https:\\\/\\\/wp5205.gendalf.teamon.site\\\/index.php\\\/2026\\\/03\\\/12\\\/energie-verte-pourquoi-faire-la-transition-aujourdhui\\\/#breadcrumb\",\"itemListElement\":[{\"@type\":\"ListItem\",\"position\":1,\"name\":\"Home\",\"item\":\"https:\\\/\\\/wp5205.gendalf.teamon.site\\\/\"},{\"@type\":\"ListItem\",\"position\":2,\"name\":\"\u00c9nergie verte : pourquoi faire la transition aujourd\u2019hui ?\"}]},{\"@type\":\"WebSite\",\"@id\":\"https:\\\/\\\/wp5205.gendalf.teamon.site\\\/#website\",\"url\":\"https:\\\/\\\/wp5205.gendalf.teamon.site\\\/\",\"name\":\"Lumi\u00e8re Solaire | Solutions d\u2019\u00e9nergie solaire propres et durables\",\"description\":\"\",\"publisher\":{\"@id\":\"https:\\\/\\\/wp5205.gendalf.teamon.site\\\/#organization\"},\"potentialAction\":[{\"@type\":\"SearchAction\",\"target\":{\"@type\":\"EntryPoint\",\"urlTemplate\":\"https:\\\/\\\/wp5205.gendalf.teamon.site\\\/?s={search_term_string}\"},\"query-input\":{\"@type\":\"PropertyValueSpecification\",\"valueRequired\":true,\"valueName\":\"search_term_string\"}}],\"inLanguage\":\"fr-FR\"},{\"@type\":\"Organization\",\"@id\":\"https:\\\/\\\/wp5205.gendalf.teamon.site\\\/#organization\",\"name\":\"Lumi\u00e8re Solaire | Solutions d\u2019\u00e9nergie solaire propres et durables\",\"url\":\"https:\\\/\\\/wp5205.gendalf.teamon.site\\\/\",\"logo\":{\"@type\":\"ImageObject\",\"inLanguage\":\"fr-FR\",\"@id\":\"https:\\\/\\\/wp5205.gendalf.teamon.site\\\/#\\\/schema\\\/logo\\\/image\\\/\",\"url\":\"https:\\\/\\\/wp5205.gendalf.teamon.site\\\/wp-content\\\/uploads\\\/2026\\\/04\\\/cropped-svgexport-23.png\",\"contentUrl\":\"https:\\\/\\\/wp5205.gendalf.teamon.site\\\/wp-content\\\/uploads\\\/2026\\\/04\\\/cropped-svgexport-23.png\",\"width\":1493,\"height\":200,\"caption\":\"Lumi\u00e8re Solaire | Solutions d\u2019\u00e9nergie solaire propres et durables\"},\"image\":{\"@id\":\"https:\\\/\\\/wp5205.gendalf.teamon.site\\\/#\\\/schema\\\/logo\\\/image\\\/\"}},{\"@type\":\"Person\",\"@id\":\"https:\\\/\\\/wp5205.gendalf.teamon.site\\\/#\\\/schema\\\/person\\\/262c7fffd8875eaf2cd564b1f4e97ed3\",\"name\":\"admin\",\"image\":{\"@type\":\"ImageObject\",\"inLanguage\":\"fr-FR\",\"@id\":\"https:\\\/\\\/secure.gravatar.com\\\/avatar\\\/7dcb0cd247aa94896e665c337696a7be18d387a78d6d55b4854b7ff7d5925042?s=96&d=mm&r=g\",\"url\":\"https:\\\/\\\/secure.gravatar.com\\\/avatar\\\/7dcb0cd247aa94896e665c337696a7be18d387a78d6d55b4854b7ff7d5925042?s=96&d=mm&r=g\",\"contentUrl\":\"https:\\\/\\\/secure.gravatar.com\\\/avatar\\\/7dcb0cd247aa94896e665c337696a7be18d387a78d6d55b4854b7ff7d5925042?s=96&d=mm&r=g\",\"caption\":\"admin\"},\"sameAs\":[\"http:\\\/\\\/wp5205.gendalf.teamon.site\"],\"url\":\"https:\\\/\\\/wp5205.gendalf.teamon.site\\\/index.php\\\/author\\\/admin\\\/\"}]}<\/script>\n<!-- \/ Yoast SEO plugin. -->","yoast_head_json":{"title":"\u00c9nergie verte : pourquoi faire la transition aujourd\u2019hui ? - Lumi\u00e8re Solaire | Solutions d\u2019\u00e9nergie solaire propres et durables","robots":{"index":"index","follow":"follow","max-snippet":"max-snippet:-1","max-image-preview":"max-image-preview:large","max-video-preview":"max-video-preview:-1"},"canonical":"https:\/\/wp5205.gendalf.teamon.site\/index.php\/2026\/03\/12\/energie-verte-pourquoi-faire-la-transition-aujourdhui\/","og_locale":"fr_FR","og_type":"article","og_title":"\u00c9nergie verte : pourquoi faire la transition aujourd\u2019hui ? - Lumi\u00e8re Solaire | Solutions d\u2019\u00e9nergie solaire propres et durables","og_description":"La transition vers l\u2019\u00e9nergie verte n\u2019est plus une option r\u00e9serv\u00e9e \u00e0 l\u2019avenir, mais une r\u00e9alit\u00e9 actuelle qui concerne autant les particuliers que les entreprises. Face...","og_url":"https:\/\/wp5205.gendalf.teamon.site\/index.php\/2026\/03\/12\/energie-verte-pourquoi-faire-la-transition-aujourdhui\/","og_site_name":"Lumi\u00e8re Solaire | Solutions d\u2019\u00e9nergie solaire propres et durables","article_published_time":"2026-03-12T12:41:00+00:00","article_modified_time":"2026-04-28T13:03:25+00:00","og_image":[{"width":2560,"height":1097,"url":"https:\/\/wp5205.gendalf.teamon.site\/wp-content\/uploads\/2026\/04\/house-with-blue-roof-green-tree-front-it-scaled.jpg","type":"image\/jpeg"}],"author":"admin","twitter_card":"summary_large_image","twitter_misc":{"Written by":"admin","Est. reading time":"3 minutes"},"schema":{"@context":"https:\/\/schema.org","@graph":[{"@type":"Article","@id":"https:\/\/wp5205.gendalf.teamon.site\/index.php\/2026\/03\/12\/energie-verte-pourquoi-faire-la-transition-aujourdhui\/#article","isPartOf":{"@id":"https:\/\/wp5205.gendalf.teamon.site\/index.php\/2026\/03\/12\/energie-verte-pourquoi-faire-la-transition-aujourdhui\/"},"author":{"name":"admin","@id":"https:\/\/wp5205.gendalf.teamon.site\/#\/schema\/person\/262c7fffd8875eaf2cd564b1f4e97ed3"},"headline":"\u00c9nergie verte : pourquoi faire la transition aujourd\u2019hui ?","datePublished":"2026-03-12T12:41:00+00:00","dateModified":"2026-04-28T13:03:25+00:00","mainEntityOfPage":{"@id":"https:\/\/wp5205.gendalf.teamon.site\/index.php\/2026\/03\/12\/energie-verte-pourquoi-faire-la-transition-aujourdhui\/"},"wordCount":525,"commentCount":0,"publisher":{"@id":"https:\/\/wp5205.gendalf.teamon.site\/#organization"},"image":{"@id":"https:\/\/wp5205.gendalf.teamon.site\/index.php\/2026\/03\/12\/energie-verte-pourquoi-faire-la-transition-aujourdhui\/#primaryimage"},"thumbnailUrl":"https:\/\/wp5205.gendalf.teamon.site\/wp-content\/uploads\/2026\/04\/house-with-blue-roof-green-tree-front-it-scaled.jpg","articleSection":["Uncategorized"],"inLanguage":"fr-FR","potentialAction":[{"@type":"CommentAction","name":"Comment","target":["https:\/\/wp5205.gendalf.teamon.site\/index.php\/2026\/03\/12\/energie-verte-pourquoi-faire-la-transition-aujourdhui\/#respond"]}]},{"@type":"WebPage","@id":"https:\/\/wp5205.gendalf.teamon.site\/index.php\/2026\/03\/12\/energie-verte-pourquoi-faire-la-transition-aujourdhui\/","url":"https:\/\/wp5205.gendalf.teamon.site\/index.php\/2026\/03\/12\/energie-verte-pourquoi-faire-la-transition-aujourdhui\/","name":"\u00c9nergie verte : pourquoi faire la transition aujourd\u2019hui ? - Lumi\u00e8re Solaire | Solutions d\u2019\u00e9nergie solaire propres et durables","isPartOf":{"@id":"https:\/\/wp5205.gendalf.teamon.site\/#website"},"primaryImageOfPage":{"@id":"https:\/\/wp5205.gendalf.teamon.site\/index.php\/2026\/03\/12\/energie-verte-pourquoi-faire-la-transition-aujourdhui\/#primaryimage"},"image":{"@id":"https:\/\/wp5205.gendalf.teamon.site\/index.php\/2026\/03\/12\/energie-verte-pourquoi-faire-la-transition-aujourdhui\/#primaryimage"},"thumbnailUrl":"https:\/\/wp5205.gendalf.teamon.site\/wp-content\/uploads\/2026\/04\/house-with-blue-roof-green-tree-front-it-scaled.jpg","datePublished":"2026-03-12T12:41:00+00:00","dateModified":"2026-04-28T13:03:25+00:00","breadcrumb":{"@id":"https:\/\/wp5205.gendalf.teamon.site\/index.php\/2026\/03\/12\/energie-verte-pourquoi-faire-la-transition-aujourdhui\/#breadcrumb"},"inLanguage":"fr-FR","potentialAction":[{"@type":"ReadAction","target":["https:\/\/wp5205.gendalf.teamon.site\/index.php\/2026\/03\/12\/energie-verte-pourquoi-faire-la-transition-aujourdhui\/"]}]},{"@type":"ImageObject","inLanguage":"fr-FR","@id":"https:\/\/wp5205.gendalf.teamon.site\/index.php\/2026\/03\/12\/energie-verte-pourquoi-faire-la-transition-aujourdhui\/#primaryimage","url":"https:\/\/wp5205.gendalf.teamon.site\/wp-content\/uploads\/2026\/04\/house-with-blue-roof-green-tree-front-it-scaled.jpg","contentUrl":"https:\/\/wp5205.gendalf.teamon.site\/wp-content\/uploads\/2026\/04\/house-with-blue-roof-green-tree-front-it-scaled.jpg","width":2560,"height":1097},{"@type":"BreadcrumbList","@id":"https:\/\/wp5205.gendalf.teamon.site\/index.php\/2026\/03\/12\/energie-verte-pourquoi-faire-la-transition-aujourdhui\/#breadcrumb","itemListElement":[{"@type":"ListItem","position":1,"name":"Home","item":"https:\/\/wp5205.gendalf.teamon.site\/"},{"@type":"ListItem","position":2,"name":"\u00c9nergie verte : pourquoi faire la transition aujourd\u2019hui ?"}]},{"@type":"WebSite","@id":"https:\/\/wp5205.gendalf.teamon.site\/#website","url":"https:\/\/wp5205.gendalf.teamon.site\/","name":"Lumi\u00e8re Solaire | Solutions d\u2019\u00e9nergie solaire propres et durables","description":"","publisher":{"@id":"https:\/\/wp5205.gendalf.teamon.site\/#organization"},"potentialAction":[{"@type":"SearchAction","target":{"@type":"EntryPoint","urlTemplate":"https:\/\/wp5205.gendalf.teamon.site\/?s={search_term_string}"},"query-input":{"@type":"PropertyValueSpecification","valueRequired":true,"valueName":"search_term_string"}}],"inLanguage":"fr-FR"},{"@type":"Organization","@id":"https:\/\/wp5205.gendalf.teamon.site\/#organization","name":"Lumi\u00e8re Solaire | Solutions d\u2019\u00e9nergie solaire propres et durables","url":"https:\/\/wp5205.gendalf.teamon.site\/","logo":{"@type":"ImageObject","inLanguage":"fr-FR","@id":"https:\/\/wp5205.gendalf.teamon.site\/#\/schema\/logo\/image\/","url":"https:\/\/wp5205.gendalf.teamon.site\/wp-content\/uploads\/2026\/04\/cropped-svgexport-23.png","contentUrl":"https:\/\/wp5205.gendalf.teamon.site\/wp-content\/uploads\/2026\/04\/cropped-svgexport-23.png","width":1493,"height":200,"caption":"Lumi\u00e8re Solaire | Solutions d\u2019\u00e9nergie solaire propres et durables"},"image":{"@id":"https:\/\/wp5205.gendalf.teamon.site\/#\/schema\/logo\/image\/"}},{"@type":"Person","@id":"https:\/\/wp5205.gendalf.teamon.site\/#\/schema\/person\/262c7fffd8875eaf2cd564b1f4e97ed3","name":"admin","image":{"@type":"ImageObject","inLanguage":"fr-FR","@id":"https:\/\/secure.gravatar.com\/avatar\/7dcb0cd247aa94896e665c337696a7be18d387a78d6d55b4854b7ff7d5925042?s=96&d=mm&r=g","url":"https:\/\/secure.gravatar.com\/avatar\/7dcb0cd247aa94896e665c337696a7be18d387a78d6d55b4854b7ff7d5925042?s=96&d=mm&r=g","contentUrl":"https:\/\/secure.gravatar.com\/avatar\/7dcb0cd247aa94896e665c337696a7be18d387a78d6d55b4854b7ff7d5925042?s=96&d=mm&r=g","caption":"admin"},"sameAs":["http:\/\/wp5205.gendalf.teamon.site"],"url":"https:\/\/wp5205.gendalf.teamon.site\/index.php\/author\/admin\/"}]}},"_links":{"self":[{"href":"https:\/\/wp5205.gendalf.teamon.site\/index.php\/wp-json\/wp\/v2\/posts\/105","targetHints":{"allow":["GET"]}}],"collection":[{"href":"https:\/\/wp5205.gendalf.teamon.site\/index.php\/wp-json\/wp\/v2\/posts"}],"about":[{"href":"https:\/\/wp5205.gendalf.teamon.site\/index.php\/wp-json\/wp\/v2\/types\/post"}],"author":[{"embeddable":true,"href":"https:\/\/wp5205.gendalf.teamon.site\/index.php\/wp-json\/wp\/v2\/users\/1"}],"replies":[{"embeddable":true,"href":"https:\/\/wp5205.gendalf.teamon.site\/index.php\/wp-json\/wp\/v2\/comments?post=105"}],"version-history":[{"count":4,"href":"https:\/\/wp5205.gendalf.teamon.site\/index.php\/wp-json\/wp\/v2\/posts\/105\/revisions"}],"predecessor-version":[{"id":143,"href":"https:\/\/wp5205.gendalf.teamon.site\/index.php\/wp-json\/wp\/v2\/posts\/105\/revisions\/143"}],"wp:featuredmedia":[{"embeddable":true,"href":"https:\/\/wp5205.gendalf.teamon.site\/index.php\/wp-json\/wp\/v2\/media\/92"}],"wp:attachment":[{"href":"https:\/\/wp5205.gendalf.teamon.site\/index.php\/wp-json\/wp\/v2\/media?parent=105"}],"wp:term":[{"taxonomy":"category","embeddable":true,"href":"https:\/\/wp5205.gendalf.teamon.site\/index.php\/wp-json\/wp\/v2\/categories?post=105"},{"taxonomy":"post_tag","embeddable":true,"href":"https:\/\/wp5205.gendalf.teamon.site\/index.php\/wp-json\/wp\/v2\/tags?post=105"}],"curies":[{"name":"wp","href":"https:\/\/api.w.org\/{rel}","templated":true}]}}